{"id":21507,"date":"2021-09-24T13:37:39","date_gmt":"2021-09-24T20:37:39","guid":{"rendered":"https:\/\/www.latmultilingual.com\/celebrating-canadas-indigenous-communities\/"},"modified":"2022-03-11T12:19:17","modified_gmt":"2022-03-11T20:19:17","slug":"celebrating-canadas-indigenous-communities","status":"publish","type":"post","link":"https:\/\/staging.latmultilingual.com\/fr\/blog\/celebrating-canadas-indigenous-communities\/","title":{"rendered":"Rendons hommage aux communaut\u00e9s autochtones du Canada"},"content":{"rendered":"<p>Le jeudi\u00a030\u00a0septembre est la Journ\u00e9e nationale de la v\u00e9rit\u00e9 et de la r\u00e9conciliation. Cette journ\u00e9e nous invite \u00e0 r\u00e9fl\u00e9chir sur l\u2019h\u00e9ritage laiss\u00e9 par les pensionnats autochtones au Canada et sur l\u2019importance de comprendre ses r\u00e9percussions et la souffrance inflig\u00e9es aux communaut\u00e9s autochtones canadiennes. Les membres de l\u2019\u00e9quipe de LAT forment une \u00e9quipe diversifi\u00e9e provenant des quatre coins du monde. Nous croyons que c\u2019est en accueillant \u00e0 bras ouverts le v\u00e9cu, le langage et la culture de chacun que nous favorisons l\u2019empathie et la compr\u00e9hension. C\u2019est dans cet esprit que nous prenons un moment pour saisir la signification de ce jour symbolique. Puisque nos clients comptent sur nous pour r\u00e9pondre \u00e0 leurs besoins urgents en mati\u00e8re de traduction et de marketing, nous ne pouvons pas interrompre nos services une journ\u00e9e enti\u00e8re pour honorer cette occasion importante. Nous avons toutefois demand\u00e9 \u00e0 notre \u00e9quipe d\u2019observer une heure de silence au courant de la journ\u00e9e pour r\u00e9fl\u00e9chir \u00e0 l\u2019histoire de notre nation.<\/p>\n<h3><strong>Que signifient la v\u00e9rit\u00e9 et la r\u00e9conciliation pour les peuples autochtones?<\/strong><\/h3>\n<p>La r\u00e9conciliation est \u00ab\u00a0l\u2019acte de r\u00e9tablir l\u2019amiti\u00e9 ou l\u2019harmonie.\u00a0\u00bb Cependant, aux yeux de diff\u00e9rentes personnes autochtones partout au pays, il existe un d\u00e9bat \u00e0 savoir s\u2019il s\u2019agit du bon mot \u00e0 utiliser. Dans un <a href=\"https:\/\/www.cbc.ca\/news\/canada\/british-columbia\/reconciliation-doesn-t-exist-yet-say-indigenous-leaders-1.4963594\" target=\"_blank\" rel=\"noopener\">article publi\u00e9 par CBC en 2019<\/a> (en anglais seulement), certains leaders exprimaient la n\u00e9cessit\u00e9 d\u2019employer un nouveau terme.<\/p>\n<p>\u00ab\u00a0La r\u00e9conciliation signifie qu\u2019on avait une bonne relation au d\u00e9part et qu\u2019ensuite on r\u00e9concilie la relation,\u00a0\u00bb a d\u00e9clar\u00e9 l\u2019enseignante en \u00e9tudes de la r\u00e9conciliation \u00e0 l\u2019Universit\u00e9 de la Colombie-Britannique et la Haida\u00a0Gwaii Higher Education Society dont le nom traditionnel est Sandlanee\u00a0Gid.<\/p>\n<p>Cette question illustre la complexit\u00e9 et les nuances du langage quand vient le temps de d\u00e9crire nos objectifs en tant que nation. Sandlanee\u00a0Gid et d\u2019autres leaders communautaires croient donc qu\u2019avant qu\u2019une r\u00e9conciliation soit possible, nous devons d\u2019abord entamer un processus de conciliation, c\u2019est-\u00e0-dire \u00ab\u00a0l\u2019acte d\u2019assurer la m\u00e9diation entre deux personnes ou groupes en conflit\u00a0\u00bb. La cl\u00e9 de ce cheminement est l\u2019honn\u00eatet\u00e9 et la transparence concernant notre pass\u00e9. Dans ce m\u00eame article, Joanne\u00a0Mills, directrice administrative du Fraser Region Aboriginal Centre \u00e0 Surrey, a d\u00e9clar\u00e9 que \u00ab\u00a0les gens devraient s\u2019\u00e9duquer pour apprendre la v\u00e9rit\u00e9\u00a0\u00bb.<\/p>\n<div id=\"attachment_21471\" style=\"width: 1034px\" class=\"wp-caption aligncenter\"><a href=\"https:\/\/www.flickr.com\/photos\/metisnationalcouncil\/50065842701\/\" target=\"_blank\" rel=\"noopener\"><img aria-describedby=\"caption-attachment-21471\" class=\"lazyload wp-image-21471 size-large\" src=\"https:\/\/www.latmultilingual.com\/wp-content\/uploads\/2021\/09\/Metis-National-Council-1024x576.jpg\" data-orig-src=\"https:\/\/www.latmultilingual.com\/wp-content\/uploads\/2021\/09\/Metis-National-Council-1024x576.jpg\" alt=\"Canada\u2019s Indigenous communities - photo of Metis National Council members\" width=\"1024\" height=\"576\" srcset=\"data:image\/svg+xml,%3Csvg%20xmlns%3D%27http%3A%2F%2Fwww.w3.org%2F2000%2Fsvg%27%20width%3D%271024%27%20height%3D%27576%27%20viewBox%3D%270%200%201024%20576%27%3E%3Crect%20width%3D%271024%27%20height%3D%273576%27%20fill-opacity%3D%220%22%2F%3E%3C%2Fsvg%3E\" data-srcset=\"https:\/\/staging.latmultilingual.com\/wp-content\/uploads\/2021\/09\/Metis-National-Council-200x113.jpg 200w, https:\/\/staging.latmultilingual.com\/wp-content\/uploads\/2021\/09\/Metis-National-Council-300x169.jpg 300w, https:\/\/staging.latmultilingual.com\/wp-content\/uploads\/2021\/09\/Metis-National-Council-400x225.jpg 400w, https:\/\/staging.latmultilingual.com\/wp-content\/uploads\/2021\/09\/Metis-National-Council-600x338.jpg 600w, https:\/\/staging.latmultilingual.com\/wp-content\/uploads\/2021\/09\/Metis-National-Council-768x432.jpg 768w, https:\/\/staging.latmultilingual.com\/wp-content\/uploads\/2021\/09\/Metis-National-Council-800x450.jpg 800w, https:\/\/staging.latmultilingual.com\/wp-content\/uploads\/2021\/09\/Metis-National-Council-1024x576.jpg 1024w, https:\/\/staging.latmultilingual.com\/wp-content\/uploads\/2021\/09\/Metis-National-Council-1200x675.jpg 1200w, https:\/\/staging.latmultilingual.com\/wp-content\/uploads\/2021\/09\/Metis-National-Council-1536x864.jpg 1536w, https:\/\/staging.latmultilingual.com\/wp-content\/uploads\/2021\/09\/Metis-National-Council.jpg 1920w\" data-sizes=\"auto\" data-orig-sizes=\"(max-width: 1024px) 100vw, 1024px\" \/><\/a><p id=\"caption-attachment-21471\" class=\"wp-caption-text\"><span style=\"font-size: 10pt;\">Photo: M\u00e9tis National Council (Flickr)<\/span><\/p><\/div>\n<h3><strong>O\u00f9 peut-on en apprendre davantage sur les cultures autochtones du Canada?<\/strong><\/h3>\n<p>Pour pr\u00e9parer cet article, notre \u00e9quipe a communiqu\u00e9 avec <a href=\"https:\/\/www.nationaliteautochtone.ca\/\" target=\"_blank\" rel=\"noopener\">l\u2019Initiative de leadership autochtone<\/a> qui a recommand\u00e9 trois organismes comme ressources pour en savoir plus sur les cultures autochtones. Ces organismes peuvent m\u00eame vous indiquer \u00e0 qui vous adresser pour trouver les meilleures personnes-ressources si vous souhaitez parler \u00e0 quelqu\u2019un directement. Nous vous encourageons \u00e0 visiter leur site Web\u00a0:<\/p>\n<ul>\n<li><a href=\"https:\/\/www.afn.ca\/fr\/accueil\/\" target=\"_blank\" rel=\"noopener\">L\u2019Assembl\u00e9e des Premi\u00e8res Nations<\/a><\/li>\n<li><a href=\"https:\/\/www.itk.ca\/\" target=\"_blank\" rel=\"noopener\">Inuit Tapiriit Kanatami<\/a> (en anglais seulement)<\/li>\n<li><a href=\"https:\/\/www2.metisnation.ca\/\" target=\"_blank\" rel=\"noopener\">M\u00e9tis National Council<\/a>\u00a0(en anglais seulement)<\/li>\n<\/ul>\n<h3><strong>\u00c0 lire sur le Web \u00e0 propos des pensionnats autochtones au Canada<\/strong><\/h3>\n<p>La Journ\u00e9e nationale de la v\u00e9rit\u00e9 et de la r\u00e9conciliation vise \u00e0 ce que nous n\u2019oubliions jamais l\u2019histoire et l\u2019h\u00e9ritage tragiques des pensionnats autochtones, dont les r\u00e9percussions se font toujours sentir. Nous vous recommandons la lecture des textes ci-dessous comme point de d\u00e9part \u00e0 votre recherche en ligne\u00a0:<\/p>\n<ul>\n<li><a href=\"https:\/\/ici.radio-canada.ca\/espaces-autochtones\/1799250\/guide-pensionnats-autochtones-reponses-questions\" target=\"_blank\" rel=\"noopener\">Les pensionnats autochtones en 7\u00a0questions<\/a>. Publi\u00e9 par Radio-Canada le 7\u00a0juin\u00a02021.<\/li>\n<li><a href=\"https:\/\/www.orangeshirtday.org\/uploads\/7\/9\/8\/7\/79871818\/phyllis_histoire_fr.pdf\" target=\"_blank\" rel=\"noopener\">Histoire de la journ\u00e9e du chandail orange<\/a>. L\u2019histoire de Phyllis (Jack) Webstad en ses propres mots.<\/li>\n<li><a href=\"https:\/\/nctr.ca\/wp-content\/uploads\/2021\/05\/AAA-Hamilton-cemetery-FInal.pdf\" target=\"_blank\" rel=\"noopener\"><em>Where are the Children buried?<\/em><\/a> (\u00ab\u00a0O\u00f9 les enfants sont-ils enterr\u00e9s?\u00a0\u00bb, en anglais seulement). Rapport du Dr\u00a0Scott\u00a0Hamilton (d\u00e9partement d\u2019anthropologie, Universit\u00e9 Lakehead, Thunder Bay, Ontario).<\/li>\n<li><a href=\"https:\/\/tkemlups.ca\/wp-content\/uploads\/05-May-27-2021-TteS-MEDIA-RELEASE.pdf\" target=\"_blank\" rel=\"noopener\"><em>Remains of Children of Kamloops Residential School Discovered<\/em><\/a> (\u00ab\u00a0Des d\u00e9pouilles appartenant aux enfants du pensionnat de Kamloops retrouv\u00e9es\u00a0\u00bb, en anglais seulement). Communiqu\u00e9 de presse de la bande indienne de Kamloops (bureau de la cheffe Rosanne\u00a0Casimir).<\/li>\n<\/ul>\n<div id=\"attachment_21475\" style=\"width: 1034px\" class=\"wp-caption aligncenter\"><a href=\"https:\/\/tiff.net\/events\/kuessipan\" target=\"_blank\" rel=\"noopener\"><img aria-describedby=\"caption-attachment-21475\" class=\"lazyload wp-image-21475 size-large\" src=\"https:\/\/www.latmultilingual.com\/wp-content\/uploads\/2021\/09\/kuessipan-film-TIFF-1024x576.jpg\" data-orig-src=\"https:\/\/www.latmultilingual.com\/wp-content\/uploads\/2021\/09\/kuessipan-film-TIFF-1024x576.jpg\" alt=\"Canada\u2019s Indigenous communities - photo from Kuessipan film\" width=\"1024\" height=\"576\" srcset=\"data:image\/svg+xml,%3Csvg%20xmlns%3D%27http%3A%2F%2Fwww.w3.org%2F2000%2Fsvg%27%20width%3D%271024%27%20height%3D%27576%27%20viewBox%3D%270%200%201024%20576%27%3E%3Crect%20width%3D%271024%27%20height%3D%273576%27%20fill-opacity%3D%220%22%2F%3E%3C%2Fsvg%3E\" data-srcset=\"https:\/\/staging.latmultilingual.com\/wp-content\/uploads\/2021\/09\/kuessipan-film-TIFF-200x113.jpg 200w, https:\/\/staging.latmultilingual.com\/wp-content\/uploads\/2021\/09\/kuessipan-film-TIFF-300x169.jpg 300w, https:\/\/staging.latmultilingual.com\/wp-content\/uploads\/2021\/09\/kuessipan-film-TIFF-400x225.jpg 400w, https:\/\/staging.latmultilingual.com\/wp-content\/uploads\/2021\/09\/kuessipan-film-TIFF-600x338.jpg 600w, https:\/\/staging.latmultilingual.com\/wp-content\/uploads\/2021\/09\/kuessipan-film-TIFF-768x432.jpg 768w, https:\/\/staging.latmultilingual.com\/wp-content\/uploads\/2021\/09\/kuessipan-film-TIFF-800x450.jpg 800w, https:\/\/staging.latmultilingual.com\/wp-content\/uploads\/2021\/09\/kuessipan-film-TIFF-1024x576.jpg 1024w, https:\/\/staging.latmultilingual.com\/wp-content\/uploads\/2021\/09\/kuessipan-film-TIFF-1200x675.jpg 1200w, https:\/\/staging.latmultilingual.com\/wp-content\/uploads\/2021\/09\/kuessipan-film-TIFF-1536x864.jpg 1536w, https:\/\/staging.latmultilingual.com\/wp-content\/uploads\/2021\/09\/kuessipan-film-TIFF.jpg 1920w\" data-sizes=\"auto\" data-orig-sizes=\"(max-width: 1024px) 100vw, 1024px\" \/><\/a><p id=\"caption-attachment-21475\" class=\"wp-caption-text\"><span style=\"font-size: 10pt;\">Photo: Kuessipan (TIFF)<\/span><\/p><\/div>\n<h3>Courts m\u00e9trages et films \u00e0 propos des communaut\u00e9s autochtones du Canada<\/h3>\n<p>\u00c9coutez ces r\u00e9cits pour apprendre tant sur l\u2019histoire autochtone que sur la culture autochtone actuelle.<\/p>\n<ul>\n<li><a href=\"https:\/\/canadianwomen.org\/blog\/5-films-to-watch-indigenous-history-month\/\" target=\"_blank\" rel=\"noopener\"><em>5\u00a0Films to Watch for Indigenous History Month<\/em><\/a> (\u00ab\u00a05\u00a0films \u00e0 regarder pour le mois de l\u2019histoire autochtone\u00a0\u00bb, en anglais seulement).<\/li>\n<li><a href=\"https:\/\/www.lafabriqueculturelle.tv\/articles\/1844\/sept-projets-qui-mettent-en-valeur-la-parole-et-les-savoir-faire-autochtones\/\" target=\"_blank\" rel=\"noopener\">Dix projets qui mettent en valeur la parole et les savoir-faire autochtones<\/a>.<\/li>\n<li>Office national du film\u00a0: <a href=\"https:\/\/www.onf.ca\/cinema-autochtone\/cineastes\/?&amp;indigenous_nation=all_nations&amp;first_letter=a\" target=\"_blank\" rel=\"noopener\">films de cin\u00e9astes autochtones<\/a> et <a href=\"https:\/\/www.onf.ca\/sujets\/peuples-autochtones-au-canada-premieres-nations-et-metis\/histoire\/\" target=\"_blank\" rel=\"noopener\">films portant sur les peuples autochtones du Canada<\/a> (en fran\u00e7ais et en anglais).<\/li>\n<li>Recommandations de l\u2019\u00e9quipe de LAT (en fran\u00e7ais)\u00a0: <a href=\"https:\/\/youtu.be\/V9DUrkqMhGg\" target=\"_blank\" rel=\"noopener\">Hochelaga, terre des \u00e2mes<\/a>, 2017; <a href=\"https:\/\/www.nfb.ca\/film\/peuple_invisible\/\" target=\"_blank\" rel=\"noopener\">Le peuple invisible<\/a>, 2012; <a href=\"https:\/\/youtu.be\/WrSOafD4ftI\" target=\"_blank\" rel=\"noopener\">Kuessipan<\/a>, 2019.<\/li>\n<li>Recommandations de l\u2019\u00e9quipe de LAT (en anglais)\u00a0: <a href=\"https:\/\/youtu.be\/wnY3y6M9P8E\" target=\"_blank\" rel=\"noopener\">Hochelaga, Land of Souls<\/a>, 2017; <a href=\"https:\/\/www.nfb.ca\/film\/invisible_nation\/\" target=\"_blank\" rel=\"noopener\">The Invisible Nation<\/a>, 2012; <a href=\"https:\/\/youtu.be\/RVtRbCltm5g\" target=\"_blank\" rel=\"noopener\">Kuessipan<\/a>, 2019.<\/li>\n<\/ul>\n<h3><strong>Explorez la diversit\u00e9 des langues autochtones au Canada<\/strong><\/h3>\n<p>Le Canada autochtone comprend trois grands groupes (les Premi\u00e8res Nations, les M\u00e9tis, et les Inuits) qui parlent plus de 60\u00a0langues. LAT soutient de tout c\u0153ur la diversit\u00e9 linguistique au pays. Nous croyons fermement qu\u2019une ouverture \u00e0 diff\u00e9rentes langues encourage la compr\u00e9hension et le respect des autres cultures et renforce notre communaut\u00e9. Pour en apprendre davantage sur les langues autochtones au Canada, visitez les pages suivantes\u00a0:<\/p>\n<ul>\n<li>Assembl\u00e9e des Premi\u00e8res Nations \u2014 Langue et culture\u00a0: <a href=\"https:\/\/www.afn.ca\/fr\/secteurs-de-politique\/langues-et-culture\/#overview\" target=\"_blank\" rel=\"noopener\">Aper\u00e7u<\/a> et <a href=\"https:\/\/www.afn.ca\/fr\/secteurs-de-politique\/langues-et-culture\/#resources\" target=\"_blank\" rel=\"noopener\">ressources<\/a>.<\/li>\n<li><a href=\"https:\/\/www.canadiangeographic.ca\/article\/why-indigenous-languages-matter\" target=\"_blank\" rel=\"noopener\"><em>Why Indigenous languages matter<\/em><\/a> (\u00ab\u00a0Voici pourquoi les langues autochtones sont importantes\u00a0\u00bb, en anglais seulement). Article publi\u00e9 par Canadian Geographic le 1<sup>er\u00a0<\/sup>octobre\u00a02019.<\/li>\n<li><a href=\"https:\/\/www.canadiangeographic.ca\/article\/mapping-indigenous-languages-canada\" target=\"_blank\" rel=\"noopener\"><em>Mapping Indigenous languages in Canada<\/em><\/a> (\u00ab Tracer la carte des langues autochtones au Canada \u00bb, en anglais seulement). Article publi\u00e9 par Canadian Geographic le 15 d\u00e9cembre 2017<\/li>\n<\/ul>\n<p>LAT se sp\u00e9cialise dans les communications pour le march\u00e9 canadien dans toute sa diversit\u00e9. Contactez-nous pour en savoir davantage sur nos services d\u2019adaptation linguistique et culturelle.<\/p>\n<p><span style=\"font-size: 10pt;\">La photo en en-t\u00eate est une gracieuset\u00e9 de l\u2019Assembl\u00e9e des Premi\u00e8res Nations\u00a0(<a href=\"https:\/\/www.facebook.com\/AssemblyofFirstNations\/photos\/10159321201357868\" target=\"_blank\" rel=\"noopener\">Facebook<\/a>) <\/span><\/p>\n","protected":false},"excerpt":{"rendered":"<p>Le jeudi\u00a030\u00a0septembre est la Journ\u00e9e nationale de la v\u00e9rit\u00e9 et de la r\u00e9conciliation. Cette journ\u00e9e nous invite \u00e0 r\u00e9fl\u00e9chir sur l\u2019h\u00e9ritage laiss\u00e9 par les pensionnats autochtones au Canada et sur l\u2019importance de comprendre ses r\u00e9percussions et la souffrance inflig\u00e9es aux communaut\u00e9s autochtones canadiennes.<\/p>\n","protected":false},"author":71,"featured_media":21466,"comment_status":"closed","ping_status":"closed","sticky":false,"template":"","format":"standard","meta":[],"categories":[222,193,154],"tags":[],"metadata":{"_pingme":"1","_encloseme":"1","_wpml_word_count":"{\"total\":0,\"to_translate\":{\"en\":811,\"fr\":811}}","_wpml_media_duplicate":"1","_wpml_media_featured":"1","_top_nav_excluded":"","_cms_nav_minihome":"","_thumbnail_id":"21466","_last_translation_edit_mode":"native-editor","_yoast_wpseo_metadesc":"La Journ\u00e9e nationale de la v\u00e9rit\u00e9 et de la r\u00e9conciliation nous invite \u00e0 r\u00e9fl\u00e9chir sur l\u2019h\u00e9ritage laiss\u00e9 par les pensionnats autochtones au Canada.","_yoast_wpseo_focuskw":"communaut\u00e9s autochtones du Canada","_fusion":{"show_first_featured_image":"yes","fimg":{"width":"","height":""},"post_links_target":"no","bg_full":"no","display_header":"yes","header_bg_full":"no","main_padding":{"top":"","bottom":""},"content_bg_full":"no","image_rollover_icons":"default","bg_repeat":"default","header_bg_repeat":"repeat","displayed_menu":"default","slider_type":"no","slider":"0","wooslider":"0","elasticslider":"0","blog_page_title_bar":"default","content_bg_repeat":"default","posts_sidebar":"default_sidebar","posts_sidebar_2":"default_sidebar","sidebar_sticky":"default"},"_edit_lock":"1647029845:72","authorsure_include_css":"","_yoast_wpseo_linkdex":"60","_yoast_wpseo_content_score":"30","_yoast_wpseo_estimated-reading-time-minutes":"5","_edit_last":"72","_yoast_wpseo_primary_category":"193","avada_post_views_count":"0"},"acf":[],"yoast_head":"<!-- This site is optimized with the Yoast SEO plugin v19.13 - https:\/\/yoast.com\/wordpress\/plugins\/seo\/ -->\n<title>Rendons hommage aux communaut\u00e9s autochtones du Canada - LAT Multilingue Traduction et Marketing<\/title>\n<meta name=\"description\" content=\"La Journ\u00e9e nationale de la v\u00e9rit\u00e9 et de la r\u00e9conciliation nous invite \u00e0 r\u00e9fl\u00e9chir sur l\u2019h\u00e9ritage laiss\u00e9 par les pensionnats autochtones au Canada.\" \/>\n<meta name=\"robots\" content=\"index, follow, max-snippet:-1, max-image-preview:large, max-video-preview:-1\" \/>\n<link rel=\"canonical\" href=\"https:\/\/staging.latmultilingual.com\/fr\/blog\/celebrating-canadas-indigenous-communities\/\" \/>\n<meta property=\"og:locale\" content=\"fr_FR\" \/>\n<meta property=\"og:type\" content=\"article\" \/>\n<meta property=\"og:title\" content=\"Rendons hommage aux communaut\u00e9s autochtones du Canada - LAT Multilingue Traduction et Marketing\" \/>\n<meta property=\"og:description\" content=\"La Journ\u00e9e nationale de la v\u00e9rit\u00e9 et de la r\u00e9conciliation nous invite \u00e0 r\u00e9fl\u00e9chir sur l\u2019h\u00e9ritage laiss\u00e9 par les pensionnats autochtones au Canada.\" \/>\n<meta property=\"og:url\" content=\"https:\/\/staging.latmultilingual.com\/fr\/blog\/celebrating-canadas-indigenous-communities\/\" \/>\n<meta property=\"og:site_name\" content=\"LAT Multilingue Traduction et Marketing\" \/>\n<meta property=\"article:publisher\" content=\"https:\/\/www.facebook.com\/LATMultilingual\/\" \/>\n<meta property=\"article:published_time\" content=\"2021-09-24T20:37:39+00:00\" \/>\n<meta property=\"article:modified_time\" content=\"2022-03-11T20:19:17+00:00\" \/>\n<meta property=\"og:image\" content=\"https:\/\/staging.latmultilingual.com\/wp-content\/uploads\/2021\/09\/Assembly-of-First-Nations-Women.jpg\" \/>\n\t<meta property=\"og:image:width\" content=\"1920\" \/>\n\t<meta property=\"og:image:height\" content=\"1080\" \/>\n\t<meta property=\"og:image:type\" content=\"image\/jpeg\" \/>\n<meta name=\"author\" content=\"May Tin\" \/>\n<meta name=\"twitter:card\" content=\"summary_large_image\" \/>\n<meta name=\"twitter:creator\" content=\"@LATMultilingual\" \/>\n<meta name=\"twitter:site\" content=\"@LATMultilingual\" \/>\n<meta name=\"twitter:label1\" content=\"\u00c9crit par\" \/>\n\t<meta name=\"twitter:data1\" content=\"May Tin\" \/>\n\t<meta name=\"twitter:label2\" content=\"Dur\u00e9e de lecture estim\u00e9e\" \/>\n\t<meta name=\"twitter:data2\" content=\"5 minutes\" \/>\n<script type=\"application\/ld+json\" class=\"yoast-schema-graph\">{\"@context\":\"https:\/\/schema.org\",\"@graph\":[{\"@type\":\"WebPage\",\"@id\":\"https:\/\/staging.latmultilingual.com\/fr\/blog\/celebrating-canadas-indigenous-communities\/\",\"url\":\"https:\/\/staging.latmultilingual.com\/fr\/blog\/celebrating-canadas-indigenous-communities\/\",\"name\":\"Rendons hommage aux communaut\u00e9s autochtones du Canada - LAT Multilingue Traduction et Marketing\",\"isPartOf\":{\"@id\":\"https:\/\/staging.latmultilingual.com\/#website\"},\"datePublished\":\"2021-09-24T20:37:39+00:00\",\"dateModified\":\"2022-03-11T20:19:17+00:00\",\"author\":{\"@id\":\"https:\/\/staging.latmultilingual.com\/#\/schema\/person\/cd3f51585eb3331ec3e3dd829823b3d5\"},\"description\":\"La Journ\u00e9e nationale de la v\u00e9rit\u00e9 et de la r\u00e9conciliation nous invite \u00e0 r\u00e9fl\u00e9chir sur l\u2019h\u00e9ritage laiss\u00e9 par les pensionnats autochtones au Canada.\",\"breadcrumb\":{\"@id\":\"https:\/\/staging.latmultilingual.com\/fr\/blog\/celebrating-canadas-indigenous-communities\/#breadcrumb\"},\"inLanguage\":\"fr-FR\",\"potentialAction\":[{\"@type\":\"ReadAction\",\"target\":[\"https:\/\/staging.latmultilingual.com\/fr\/blog\/celebrating-canadas-indigenous-communities\/\"]}]},{\"@type\":\"BreadcrumbList\",\"@id\":\"https:\/\/staging.latmultilingual.com\/fr\/blog\/celebrating-canadas-indigenous-communities\/#breadcrumb\",\"itemListElement\":[{\"@type\":\"ListItem\",\"position\":1,\"name\":\"Home\",\"item\":\"https:\/\/staging.latmultilingual.com\/fr\/\"},{\"@type\":\"ListItem\",\"position\":2,\"name\":\"Rendons hommage aux communaut\u00e9s autochtones du Canada\"}]},{\"@type\":\"WebSite\",\"@id\":\"https:\/\/staging.latmultilingual.com\/#website\",\"url\":\"https:\/\/staging.latmultilingual.com\/\",\"name\":\"LAT Multilingue Traduction et Marketing\",\"description\":\"Reach New Markets with Quality Translation and Cultural Marketing Services\",\"potentialAction\":[{\"@type\":\"SearchAction\",\"target\":{\"@type\":\"EntryPoint\",\"urlTemplate\":\"https:\/\/staging.latmultilingual.com\/?s={search_term_string}\"},\"query-input\":\"required name=search_term_string\"}],\"inLanguage\":\"fr-FR\"},{\"@type\":\"Person\",\"@id\":\"https:\/\/staging.latmultilingual.com\/#\/schema\/person\/cd3f51585eb3331ec3e3dd829823b3d5\",\"name\":\"May Tin\",\"image\":{\"@type\":\"ImageObject\",\"inLanguage\":\"fr-FR\",\"@id\":\"https:\/\/staging.latmultilingual.com\/#\/schema\/person\/image\/\",\"url\":\"https:\/\/secure.gravatar.com\/avatar\/90e14d962557cfb758d208ff6214bae1?s=96&r=g\",\"contentUrl\":\"https:\/\/secure.gravatar.com\/avatar\/90e14d962557cfb758d208ff6214bae1?s=96&r=g\",\"caption\":\"May Tin\"},\"description\":\"May is our Communications Manager and has been fascinated by different languages and cultures from a young age. She holds a degree in International Studies from the University of Technology, Sydney and speaks English, Burmese, and French. May believes that our differences are what make the world so special and embraces opportunities to travel and learn about different cultures.\",\"url\":\"https:\/\/staging.latmultilingual.com\/fr\/blog\/author\/may\/\"}]}<\/script>\n<!-- \/ Yoast SEO plugin. -->","yoast_head_json":{"title":"Rendons hommage aux communaut\u00e9s autochtones du Canada - LAT Multilingue Traduction et Marketing","description":"La Journ\u00e9e nationale de la v\u00e9rit\u00e9 et de la r\u00e9conciliation nous invite \u00e0 r\u00e9fl\u00e9chir sur l\u2019h\u00e9ritage laiss\u00e9 par les pensionnats autochtones au Canada.","robots":{"index":"index","follow":"follow","max-snippet":"max-snippet:-1","max-image-preview":"max-image-preview:large","max-video-preview":"max-video-preview:-1"},"canonical":"https:\/\/staging.latmultilingual.com\/fr\/blog\/celebrating-canadas-indigenous-communities\/","og_locale":"fr_FR","og_type":"article","og_title":"Rendons hommage aux communaut\u00e9s autochtones du Canada - LAT Multilingue Traduction et Marketing","og_description":"La Journ\u00e9e nationale de la v\u00e9rit\u00e9 et de la r\u00e9conciliation nous invite \u00e0 r\u00e9fl\u00e9chir sur l\u2019h\u00e9ritage laiss\u00e9 par les pensionnats autochtones au Canada.","og_url":"https:\/\/staging.latmultilingual.com\/fr\/blog\/celebrating-canadas-indigenous-communities\/","og_site_name":"LAT Multilingue Traduction et Marketing","article_publisher":"https:\/\/www.facebook.com\/LATMultilingual\/","article_published_time":"2021-09-24T20:37:39+00:00","article_modified_time":"2022-03-11T20:19:17+00:00","og_image":[{"width":1920,"height":1080,"url":"https:\/\/staging.latmultilingual.com\/wp-content\/uploads\/2021\/09\/Assembly-of-First-Nations-Women.jpg","type":"image\/jpeg"}],"author":"May Tin","twitter_card":"summary_large_image","twitter_creator":"@LATMultilingual","twitter_site":"@LATMultilingual","twitter_misc":{"\u00c9crit par":"May Tin","Dur\u00e9e de lecture estim\u00e9e":"5 minutes"},"schema":{"@context":"https:\/\/schema.org","@graph":[{"@type":"WebPage","@id":"https:\/\/staging.latmultilingual.com\/fr\/blog\/celebrating-canadas-indigenous-communities\/","url":"https:\/\/staging.latmultilingual.com\/fr\/blog\/celebrating-canadas-indigenous-communities\/","name":"Rendons hommage aux communaut\u00e9s autochtones du Canada - LAT Multilingue Traduction et Marketing","isPartOf":{"@id":"https:\/\/staging.latmultilingual.com\/#website"},"datePublished":"2021-09-24T20:37:39+00:00","dateModified":"2022-03-11T20:19:17+00:00","author":{"@id":"https:\/\/staging.latmultilingual.com\/#\/schema\/person\/cd3f51585eb3331ec3e3dd829823b3d5"},"description":"La Journ\u00e9e nationale de la v\u00e9rit\u00e9 et de la r\u00e9conciliation nous invite \u00e0 r\u00e9fl\u00e9chir sur l\u2019h\u00e9ritage laiss\u00e9 par les pensionnats autochtones au Canada.","breadcrumb":{"@id":"https:\/\/staging.latmultilingual.com\/fr\/blog\/celebrating-canadas-indigenous-communities\/#breadcrumb"},"inLanguage":"fr-FR","potentialAction":[{"@type":"ReadAction","target":["https:\/\/staging.latmultilingual.com\/fr\/blog\/celebrating-canadas-indigenous-communities\/"]}]},{"@type":"BreadcrumbList","@id":"https:\/\/staging.latmultilingual.com\/fr\/blog\/celebrating-canadas-indigenous-communities\/#breadcrumb","itemListElement":[{"@type":"ListItem","position":1,"name":"Home","item":"https:\/\/staging.latmultilingual.com\/fr\/"},{"@type":"ListItem","position":2,"name":"Rendons hommage aux communaut\u00e9s autochtones du Canada"}]},{"@type":"WebSite","@id":"https:\/\/staging.latmultilingual.com\/#website","url":"https:\/\/staging.latmultilingual.com\/","name":"LAT Multilingue Traduction et Marketing","description":"Reach New Markets with Quality Translation and Cultural Marketing Services","potentialAction":[{"@type":"SearchAction","target":{"@type":"EntryPoint","urlTemplate":"https:\/\/staging.latmultilingual.com\/?s={search_term_string}"},"query-input":"required name=search_term_string"}],"inLanguage":"fr-FR"},{"@type":"Person","@id":"https:\/\/staging.latmultilingual.com\/#\/schema\/person\/cd3f51585eb3331ec3e3dd829823b3d5","name":"May Tin","image":{"@type":"ImageObject","inLanguage":"fr-FR","@id":"https:\/\/staging.latmultilingual.com\/#\/schema\/person\/image\/","url":"https:\/\/secure.gravatar.com\/avatar\/90e14d962557cfb758d208ff6214bae1?s=96&r=g","contentUrl":"https:\/\/secure.gravatar.com\/avatar\/90e14d962557cfb758d208ff6214bae1?s=96&r=g","caption":"May Tin"},"description":"May is our Communications Manager and has been fascinated by different languages and cultures from a young age. She holds a degree in International Studies from the University of Technology, Sydney and speaks English, Burmese, and French. May believes that our differences are what make the world so special and embraces opportunities to travel and learn about different cultures.","url":"https:\/\/staging.latmultilingual.com\/fr\/blog\/author\/may\/"}]}},"_links":{"self":[{"href":"https:\/\/staging.latmultilingual.com\/fr\/wp-json\/wp\/v2\/posts\/21507"}],"collection":[{"href":"https:\/\/staging.latmultilingual.com\/fr\/wp-json\/wp\/v2\/posts"}],"about":[{"href":"https:\/\/staging.latmultilingual.com\/fr\/wp-json\/wp\/v2\/types\/post"}],"author":[{"embeddable":true,"href":"https:\/\/staging.latmultilingual.com\/fr\/wp-json\/wp\/v2\/users\/71"}],"replies":[{"embeddable":true,"href":"https:\/\/staging.latmultilingual.com\/fr\/wp-json\/wp\/v2\/comments?post=21507"}],"version-history":[{"count":6,"href":"https:\/\/staging.latmultilingual.com\/fr\/wp-json\/wp\/v2\/posts\/21507\/revisions"}],"predecessor-version":[{"id":22598,"href":"https:\/\/staging.latmultilingual.com\/fr\/wp-json\/wp\/v2\/posts\/21507\/revisions\/22598"}],"wp:featuredmedia":[{"embeddable":true,"href":"https:\/\/staging.latmultilingual.com\/fr\/wp-json\/wp\/v2\/media\/21466"}],"wp:attachment":[{"href":"https:\/\/staging.latmultilingual.com\/fr\/wp-json\/wp\/v2\/media?parent=21507"}],"wp:term":[{"taxonomy":"category","embeddable":true,"href":"https:\/\/staging.latmultilingual.com\/fr\/wp-json\/wp\/v2\/categories?post=21507"},{"taxonomy":"post_tag","embeddable":true,"href":"https:\/\/staging.latmultilingual.com\/fr\/wp-json\/wp\/v2\/tags?post=21507"}],"curies":[{"name":"wp","href":"https:\/\/api.w.org\/{rel}","templated":true}]}}